{"id":11997,"date":"2021-02-03T09:31:52","date_gmt":"2021-02-03T09:31:52","guid":{"rendered":"https:\/\/cocukyazarlarkutuphanesi.com\/wps\/?p=11997"},"modified":"2021-10-14T12:48:55","modified_gmt":"2021-10-14T12:48:55","slug":"oda-bolum-1","status":"publish","type":"post","link":"https:\/\/cocukyazarlarkutuphanesi.com\/wps\/oda-bolum-1\/","title":{"rendered":"ODA &#8211; B\u00f6l\u00fcm 1"},"content":{"rendered":"\n<p>20 y\u0131l sonra yazmak istemek anormal bir durum mu bilmiyorum. Yazmak beyaz sayfalara ya\u015fanm\u0131\u015fl\u0131klar\u0131 d\u00f6kmek belki ba\u015fkalar\u0131 i\u00e7in bir anlam ifade etmeyebilir.. Ama yazar i\u00e7in bamba\u015fka alemlere gitmek, ge\u00e7mi\u015fteki ya\u015fant\u0131lar\u0131n\u0131 hat\u0131rlamak ,onlar\u0131 dize dize sayfalara d\u00f6kmek \u00e7ok ama \u00e7ok anlaml\u0131 olabilir. Burada yazacaklar\u0131m\u0131 belki kimse okumayacakt\u0131r. 2014\u2019e ait bu ajanda defteri belki bir g\u00fcn geri d\u00f6n\u00fc\u015f\u00fcm konteyn\u0131r\u0131nda di\u011ferleri gibi tekrar hayat bulacak. Tek fark\u0131 \u00fczerindeki yaz\u0131lanlar\u0131n belki de an\u0131lar\u0131m\u0131n suya kar\u0131\u015f\u0131p kaybolmas\u0131 olacakt\u0131r.<\/p>\n\n\n\n<p>\u2026\u2026\u2026\u2026\u2026.<\/p>\n\n\n\n<p>&nbsp;&nbsp;&nbsp;&nbsp;&nbsp;&nbsp;&nbsp;&nbsp;&nbsp;&nbsp;&nbsp; Bu g\u00fcn biri bana \u015f\u00f6yle dedi. Ge\u00e7mi\u015fini \u00e7ok kar\u0131\u015ft\u0131rma, ge\u00e7mi\u015fin \u00e7ok karanl\u0131k senin. Bunu s\u00f6ylerken g\u00fcl\u00fcms\u00fcyordu, espri yapt\u0131\u011f\u0131n\u0131n fark\u0131ndayd\u0131m. Ama ak\u015fam geldi\u011fimde bu s\u00f6z beynimde s\u00fcrekli yank\u0131lan\u0131yordu. Evet ge\u00e7mi\u015fim karanl\u0131k benim. Ge\u00e7mi\u015fimde t\u00fcm ya\u015fad\u0131klar\u0131ma ait lambalar\u0131 kapatm\u0131\u015ft\u0131m. Geriye d\u00f6n\u00fcp bakt\u0131\u011f\u0131mda g\u00fcl\u00fcmseyerek hat\u0131rlad\u0131\u011f\u0131m tek bir an\u0131 var m\u0131yd\u0131,onu da bilemedim.<\/p>\n\n\n\n<p>\u00c7ok \u00e7abalam\u0131\u015ft\u0131m,\u00e7ok \u00e7al\u0131\u015fm\u0131\u015ft\u0131m. Zaman zaman i\u00e7ine kap\u0131ld\u0131\u011f\u0131m girdaplardan \u00e7\u0131kabilmek i\u00e7in \u00e7ok yara alm\u0131\u015ft\u0131m. Yaralar\u0131 ancak zaman iyile\u015ftirir, bunu biliyorum. Ama \u015funu da biliyorum ki; kabuk ba\u011flayan yaran\u0131n mutlaka izi kal\u0131r. \u00dczerinden 20 y\u0131l ge\u00e7se bile\u2026<\/p>\n\n\n\n<p>\u2026\u2026\u2026\u2026\u2026..<\/p>\n\n\n\n<p><strong>Bu&nbsp; Ak\u015fam<\/strong><\/p>\n\n\n\n<p>&nbsp;&nbsp;&nbsp;&nbsp;&nbsp;&nbsp;&nbsp;&nbsp;&nbsp;&nbsp;&nbsp; Eve geldi\u011fimde hava iyice kararm\u0131\u015ft\u0131. \u00dcstelik \u00e7ok so\u011fuktu. So\u011fuk iliklerime kadar i\u015flemi\u015f, y\u00fcz\u00fcmdeki kaslar\u0131n uyu\u015ftu\u011funu hissetmi\u015ftim. \u00dczerimi \u00e7\u0131kard\u0131ktan sonra rahat k\u0131yafetler giyerek mutfa\u011fa ge\u00e7tim. S\u0131cak bir kahvenin, d\u0131\u015far\u0131da buz tutan bedenime iyi gelece\u011fini d\u00fc\u015f\u00fcnd\u00fcm. 40 ya\u015f\u0131ndayd\u0131m. Ve son 20 y\u0131ld\u0131r hep ayn\u0131 ev seremonilerini yap\u0131yordum. \u0130\u015ften eve geli\u015f saatim belli, uyuma saatim belli, sabah kalkma saatim belli. Her \u015feyi rutine ba\u011flanm\u0131\u015f otomat gibi hayat saatim \u00e7al\u0131\u015f\u0131yordu. S\u0131k\u0131c\u0131 bir anlat\u0131m de\u011fil mi? Evet ben de s\u0131k\u0131lm\u0131\u015ft\u0131m, diyemeyece\u011fim. 20 y\u0131l \u00f6nceki ben, o kadar yorulmu\u015ftu ki &nbsp;ya\u015fad\u0131klar\u0131ndan ,son 20 y\u0131l\u0131n sakinli\u011fi ve huzuru hala beni dinginle\u015ftirmemi\u015fti. Yapm\u0131\u015f oldu\u011fum kahvenin buram buram taze kokusu beni d\u00fc\u015f\u00fcncelerimden s\u0131y\u0131r\u0131p ald\u0131. Derin derin koklayarak salona ge\u00e7tim.. Sabah \u00e7\u0131kmadan \u015f\u00f6mineye &nbsp;odunlar\u0131 yerle\u015ftirmi\u015f,ama yakmam\u0131\u015ft\u0131m. Ate\u015fi yakt\u0131m. Kar\u015f\u0131s\u0131ndaki kanepe de bulunan y\u00fcn battaniyeyi dizlerimin \u00fcst\u00fcne \u00e7ektim. Uzun u\u011fra\u015f sonucunda tutu\u015fturdu\u011fum ate\u015fin kar\u015f\u0131s\u0131nda s\u0131cak kahvemi yudumlarken, buz tutan bedenimin yava\u015f yava\u015f \u00e7\u00f6z\u00fcld\u00fc\u011f\u00fcn\u00fc hissettim. Rahatlam\u0131\u015f ve huzur bulmu\u015f oldu\u011fumu d\u00fc\u015f\u00fcnd\u00fcn\u00fcz de\u011fil mi? Ama hay\u0131r. \u00c7\u00fcnk\u00fc garip \u015feyler ya\u015f\u0131yorum \u015fu anda. Birden yanan ate\u015fe \u00e7evirdi\u011fim bak\u0131\u015flar\u0131m donukla\u015ft\u0131. Sanki tekrar donmu\u015ftum. Ama bu defa havan\u0131n so\u011fuklu\u011fundan de\u011fil. Hani geceleri uyurken \u00fczerinize bir a\u011f\u0131rl\u0131k \u00e7\u00f6ker, k\u0131p\u0131rdamak istersiniz, ba\u011f\u0131r\u0131p \u00e7a\u011f\u0131rmak istersiniz. \u0130\u015fte \u00f6le bir \u015fey ya\u015f\u0131yorum \u015fu anda. Ama uyumuyorum, r\u00fcya da de\u011filim . Kaskat\u0131 kesilen bak\u0131\u015flar\u0131m ,bedenim, elimdeki kahve ve kar\u015f\u0131mdaki ate\u015f. Anlams\u0131z bir an ya\u015f\u0131yorum. Her \u015fey silikle\u015fti. Beynim uyu\u015fuyor ve kar\u015f\u0131mdaki g\u00f6r\u00fcnt\u00fcler kar\u0131\u015f\u0131yor. Ve karanl\u0131k. G\u00f6remiyorum\u2026<\/p>\n\n\n\n<p><strong>20 May\u0131s<\/strong><\/p>\n\n\n\n<p>20 May\u0131s 2000\u00a0 ve saat ak\u015fam\u0131n be\u015fi. Kar\u015f\u0131mda bulunan duvar saati ve takvimi g\u00f6r\u00fcyorum. Neden alevleri y\u00fckselen \u015f\u00f6mine ate\u015fi de\u011fil de bu takvim ve saatin \u00f6n\u00fcndeyim. 20 May\u0131s 2000 saat ak\u015fam\u0131n be\u015fi. Anlams\u0131z ve bo\u015f g\u00f6zlerle bir s\u00fcre bakakald\u0131m. \u0130rkildim birden. Ben ate\u015fin kar\u015f\u0131s\u0131nda s\u0131cac\u0131k kahvemi yudumluyordum. Yani \u00f6yle oldu\u011funu d\u00fc\u015f\u00fcn\u00fcyordum. Yoksa r\u00fcya m\u0131 g\u00f6r\u00fcyordum. Hem 2021 y\u0131l\u0131nda de\u011fil miydim ben. Neler oluyordu ?. Kafam\u0131n i\u00e7inde delice sorular d\u00f6nmeye ba\u015flad\u0131. Birden ba\u015f\u0131m d\u00f6nd\u00fc. Zavall\u0131 ayaklar\u0131m bu \u015fa\u015fk\u0131n bedenimi art\u0131k ta\u015f\u0131yam\u0131yordu ki ,tekrar beynimin uyu\u015ftu\u011funu hissettim. Sonras\u0131 m\u0131? Bilmiyorum. Sonras\u0131n\u0131 hat\u0131rlam\u0131yorum.<\/p>\n\n\n\n<p>\u2026\u2026\u2026\u2026\u2026\u2026\u2026\u2026\u2026<\/p>\n\n\n\n<p>Ya\u015farken ruhunuzun bedenden \u00e7\u0131k\u0131p \u00f6ylesine ba\u015f\u0131na buyruk dola\u015ft\u0131\u011f\u0131na inan\u0131r m\u0131s\u0131n\u0131z? Beden kafesi olmadan \u00f6zg\u00fcrce ,istedi\u011fi gibi dola\u015ft\u0131\u011f\u0131, kimsenin ay\u0131plamad\u0131\u011f\u0131, ele\u015ftirmedi\u011fi \u00f6zg\u00fcr bir ya\u015fam \u015fekli. Ya\u015famak sadece bedenle olan bir \u015fey de\u011fil bana g\u00f6re, ger\u00e7ek anlamda ya\u015famak; ruhunla hislerinle istedi\u011fin gibi, istedi\u011fin yerde ,istedi\u011fini yapmakt\u0131r. Engellemeler olmadan, s\u0131n\u0131rlar olmadan, diledi\u011fince ya\u015famak. \u015eimdi diyeceksiniz ki ; bunlar\u0131 neden anlat\u0131yorsun. Ben de bazen yazd\u0131klar\u0131ma anlam veremiyorum. Ama galiba karanl\u0131k ve \u0131\u015f\u0131klar\u0131 kapatt\u0131\u011f\u0131m ge\u00e7mi\u015fimdeki hayat\u0131, istedi\u011fim gibi ge\u00e7iremedi\u011fimden bu \u00f6zlem dolu c\u00fcmleleri sat\u0131rlara aktarmak istedim.<\/p>\n\n\n\n<p>\u2026\u2026\u2026\u2026\u2026\u2026\u2026\u2026\u2026\u2026.<\/p>\n\n\n\n<p><strong>Saat 5<\/strong><\/p>\n\n\n\n<p>G\u00f6z kapaklar\u0131m sanki tonlarca a\u011f\u0131rl\u0131k alt\u0131nda kalm\u0131\u015fta a\u00e7\u0131lmak i\u00e7in sava\u015f veriyordu. Hafif\u00e7e aralad\u0131\u011f\u0131m g\u00f6zlerim, kar\u015f\u0131s\u0131nda yine o takvim ve saati g\u00f6rd\u00fc. \u015eimdi her \u015feyi hat\u0131rlam\u0131\u015ft\u0131m. 20 May\u0131s saat ak\u015fam\u0131n be\u015fi. Her \u015fey bu an itibariyle ba\u015flam\u0131\u015ft\u0131. Halbuki bu ve sonraki zaman dilimini beynimde yok etmek i\u00e7in ben ge\u00e7mi\u015fimi karanl\u0131klara g\u00f6mm\u00fc\u015ft\u00fcm. Ama \u015fu var ki beynim bana bu ac\u0131mas\u0131zl\u011f\u0131 tekrar g\u00f6steriyordu. Bunlar\u0131 d\u00fc\u015f\u00fcn\u00fcrken birden kar\u015f\u0131mda y\u0131llard\u0131r kap\u0131lar\u0131n ard\u0131na , sand\u0131klara kilitledi\u011fim ve unuttu\u011fumu d\u00fc\u015f\u00fcnd\u00fc\u011f\u00fcm sen kar\u015f\u0131mda belirdin.<\/p>\n\n\n\n<p>Masmavi g\u00f6zlerin omuzlar\u0131na d\u00fc\u015fen kumral sa\u00e7lar\u0131n ve geni\u015f omuzlar\u0131nla bana do\u011fru e\u011filmi\u015f, g\u00fcl\u00fcms\u00fcyordun..<\/p>\n\n\n\n<p>-Dald\u0131n yine. Ne d\u00fc\u015f\u00fcn\u00fcyordun bu kadar derin derin?<\/p>\n\n\n\n<p>G\u00f6rd\u00fcklerimin sadece sil\u00fcet oldu\u011funu, ger\u00e7ek olmad\u0131\u011f\u0131n\u0131 ve sadece benim sanr\u0131lar\u0131mdan olu\u015ftu\u011funu d\u00fc\u015f\u00fcnd\u00fcm. Ama de\u011fildi. \u00c7ok ger\u00e7ekti. Etraf\u0131ma bak\u0131nd\u0131m. Bir de sana bakt\u0131m. Bu arada kendimi \u00e7imdikledi\u011fimi ve ac\u0131 hissetti\u011fimi de hat\u0131rl\u0131yorum.<\/p>\n\n\n\n<p>-Elini \u00e7abuk tut. Gemi hareket saati yakla\u015f\u0131yor. Sen hala oyalan\u0131yorsun.<\/p>\n\n\n\n<p>Akl\u0131m ba\u015f\u0131ma yava\u015f yava\u015f geliyordu. \u015eu an ya\u015fad\u0131\u011f\u0131m sadece dejavuydu. &nbsp;Beden penceresinden 20 y\u0131l \u00f6nce seyretti\u011fim sahneler yine aynen tekrar ediyordu. \u015ea\u015fk\u0131nd\u0131m. Yerimden do\u011frulup ona bakt\u0131m. Acele i\u00e7inde tela\u015fla e\u015fyalar\u0131n\u0131 valizine t\u0131k\u0131\u015ft\u0131r\u0131yordu.Bir yandan bana sesleniyordu..<\/p>\n\n\n\n<p>-Hep senin y\u00fcz\u00fcnden ge\u00e7 kalaca\u011f\u0131z. Hadi neyi bu kadar derin d\u00fc\u015f\u00fcn\u00fcyorsun.<\/p>\n\n\n\n<p>Etraf\u0131ma \u015f\u00f6yle bir bak\u0131nd\u0131m. Evet uzun y\u0131llar \u00f6nce ailemden kalan bu malikane hi\u00e7 de\u011fi\u015fmemi\u015f, beynimdeki resmi t\u00fcm hatlar\u0131yla ayn\u0131yd\u0131.. 1800 y\u0131llardan kalma barok mimari tarz\u0131 olan &nbsp;bu ta\u015f ev ne \u00e7ok an\u0131larla doluydu benim i\u00e7in. Tam 27 odas\u0131 olan kocaman bir ta\u015f saray. \u00c7o\u011funu bilmem bile. \u00c7ocuklu\u011fumda saklamba\u00e7 oynamak i\u00e7in sakland\u0131\u011f\u0131mda hep kayboldu\u011fumu hat\u0131rlar\u0131m. Bu eve ait tek girmedi\u011fim ve girmekten \u00e7ekindi\u011fim tavan aras\u0131 ve mahzendi. Hep korkutucu ve gizemli gelmi\u015fti bana.<\/p>\n\n\n\n<p>\u2026\u2026.<\/p>\n\n\n\n<p><strong>TEKRAR SAAT 5<\/strong><\/p>\n\n\n\n<p>Ama bi dakika! Acele i\u00e7inde saatime bakt\u0131m. Saat ak\u015fam\u0131n be\u015fi. Bu saatte ne gemisi ne yolculu\u011fu. Hem benim seyretti\u011fim hayat\u0131n bu sahnesinde gemi yolculu\u011fu yoktu. Ona d\u00f6nerek;<\/p>\n\n\n\n<p>-Nerden \u00e7\u0131kt\u0131 bu seyahat i\u015fi?<\/p>\n\n\n\n<p>E\u011filmi\u015f, \u00e7ekmeceden \u00e7\u0131kard\u0131\u011f\u0131 evraklar\u0131 aceleyle \u00e7antas\u0131na yerle\u015ftiriyordu. Keskin mavi g\u00f6zleriyle bir h\u0131\u015f\u0131mla d\u00f6n\u00fcp bana bakt\u0131.<\/p>\n\n\n\n<p>-Sen haf\u0131zan\u0131 m\u0131 kaybettin. Noluyor sana bu ak\u015fam?<\/p>\n\n\n\n<p>Evet noluyor bana bu ak\u015fam. Bu zaman diliminde neden bulunuyorum. Bir zamanlar bir kitap okumu\u015ftum. Orada evrende boyut kaymalar\u0131 oldu\u011fundan bahsediyordu. Bu kaymalar\u0131n zaman s\u0131k\u0131\u015fmas\u0131ndan olu\u015ftu\u011funu yaz\u0131yordu. Biraz fantastik gelmi\u015fti. Pek anlamam\u0131\u015ft\u0131m.. \u015eimdi d\u00fc\u015f\u00fcn\u00fcyorum da yoksa ya\u015fad\u0131\u011f\u0131m bu an bir boyut kaymas\u0131 m\u0131yd\u0131? Ayn\u0131 \u015feyi ayn\u0131 zamanda ama daha farkl\u0131 ya\u015famak&#8230;<\/p>\n<div style='text-align:left' class='yasr-auto-insert-visitor'><\/div>","protected":false},"excerpt":{"rendered":"<p>20 y\u0131l sonra yazmak istemek anormal bir durum mu bilmiyorum. Yazmak beyaz sayfalara ya\u015fanm\u0131\u015fl\u0131klar\u0131 d\u00f6kmek belki ba\u015fkalar\u0131 i\u00e7in bir anlam ifade etmeyebilir.. Ama yazar i\u00e7in bamba\u015fka alemlere gitmek, ge\u00e7mi\u015fteki ya\u015fant\u0131lar\u0131n\u0131 hat\u0131rlamak ,onlar\u0131 dize dize sayfalara d\u00f6kmek \u00e7ok ama \u00e7ok anlaml\u0131 olabilir. Burada yazacaklar\u0131m\u0131 belki kimse okumayacakt\u0131r. 2014\u2019e ait bu ajanda defteri belki bir g\u00fcn geri<a class=\"read-more\" href=\"https:\/\/cocukyazarlarkutuphanesi.com\/wps\/oda-bolum-1\/\"><br \/>-> Okumaya Devam Et <span class=\"screen-reader-text\">  ODA &#8211; B\u00f6l\u00fcm 1<\/span><\/a><\/p>\n","protected":false},"author":5,"featured_media":0,"comment_status":"open","ping_status":"open","sticky":false,"template":"","format":"standard","meta":{"om_disable_all_campaigns":false,"_monsterinsights_skip_tracking":false,"_monsterinsights_sitenote_active":false,"_monsterinsights_sitenote_note":"","_monsterinsights_sitenote_category":0,"yasr_overall_rating":0,"yasr_post_is_review":"","yasr_auto_insert_disabled":"","yasr_review_type":"","footnotes":""},"categories":[25,27],"tags":[],"class_list":["post-11997","post","type-post","status-publish","format-standard","hentry","category-hikaye","category-oyku"],"yasr_visitor_votes":{"stars_attributes":{"read_only":true,"span_bottom":"<div class='yasr-small-block-bold'><span class='yasr-visitor-votes-must-sign-in'>You must sign in to vote<\/span><\/div>"},"number_of_votes":4,"sum_votes":20},"_links":{"self":[{"href":"https:\/\/cocukyazarlarkutuphanesi.com\/wps\/wp-json\/wp\/v2\/posts\/11997","targetHints":{"allow":["GET"]}}],"collection":[{"href":"https:\/\/cocukyazarlarkutuphanesi.com\/wps\/wp-json\/wp\/v2\/posts"}],"about":[{"href":"https:\/\/cocukyazarlarkutuphanesi.com\/wps\/wp-json\/wp\/v2\/types\/post"}],"author":[{"embeddable":true,"href":"https:\/\/cocukyazarlarkutuphanesi.com\/wps\/wp-json\/wp\/v2\/users\/5"}],"replies":[{"embeddable":true,"href":"https:\/\/cocukyazarlarkutuphanesi.com\/wps\/wp-json\/wp\/v2\/comments?post=11997"}],"version-history":[{"count":3,"href":"https:\/\/cocukyazarlarkutuphanesi.com\/wps\/wp-json\/wp\/v2\/posts\/11997\/revisions"}],"predecessor-version":[{"id":12213,"href":"https:\/\/cocukyazarlarkutuphanesi.com\/wps\/wp-json\/wp\/v2\/posts\/11997\/revisions\/12213"}],"wp:attachment":[{"href":"https:\/\/cocukyazarlarkutuphanesi.com\/wps\/wp-json\/wp\/v2\/media?parent=11997"}],"wp:term":[{"taxonomy":"category","embeddable":true,"href":"https:\/\/cocukyazarlarkutuphanesi.com\/wps\/wp-json\/wp\/v2\/categories?post=11997"},{"taxonomy":"post_tag","embeddable":true,"href":"https:\/\/cocukyazarlarkutuphanesi.com\/wps\/wp-json\/wp\/v2\/tags?post=11997"}],"curies":[{"name":"wp","href":"https:\/\/api.w.org\/{rel}","templated":true}]}}